{"id":3024,"date":"2026-04-01T21:34:59","date_gmt":"2026-04-01T21:34:59","guid":{"rendered":"https:\/\/237check.org\/?p=3024"},"modified":"2026-04-02T22:11:13","modified_gmt":"2026-04-02T22:11:13","slug":"faux-le-projet-de-loi-n-2093-ne-porte-pas-sur-la-creation-dun-poste-de-vice-president","status":"publish","type":"post","link":"https:\/\/237check.org\/fr\/2026\/04\/01\/faux-le-projet-de-loi-n-2093-ne-porte-pas-sur-la-creation-dun-poste-de-vice-president\/","title":{"rendered":"Faux : le projet de loi n\u00b0 2093 ne porte pas sur la cr\u00e9ation d\u2019un poste de vice-pr\u00e9sident"},"content":{"rendered":"<body>\n<p>Le 29 mars 2026 \u00e0 14H41, le responsable de la <a href=\"https:\/\/www.facebook.com\/share\/p\/1K8TXMTb6c\/\">page Facebook d\u00e9nomm\u00e9e EsbiMedia a publi\u00e9 un long texte<\/a> ayant pour titre : \u00ab SERAIL-MODIFICATION DE LA CONSTITUTION : L\u2019ASSEMBL\u00c9E NATIONALE VA EXAMINER LE PROJET DE LOI SUR LA CR\u00c9ATION D\u2019UN POSTE DE VICE-PR\u00c9SIDENT. \u00bb Pour donner plus de pr\u00e9cision \u00e0 ses followers, l\u2019auteur souligne que : \u201c Selon les informations relatives au programme des travaux de l\u2019Assembl\u00e9e nationale pour ce mois de mars 2026, le projet de loi n\u00b0 2093\/PJL\/AN s\u2019appr\u00eate \u00e0 modifier durablement le visage institutionnel du pays. Au c\u0153ur de cette man\u0153uvre : la cr\u00e9ation d\u2019un poste de vice-pr\u00e9sident de la R\u00e9publique.\u201d L\u2019auteur accompagne son texte d\u2019une illustration constitu\u00e9e de quatre photos des personnalit\u00e9s camerounaises et du programme de ce d\u00e9but de semaine au niveau de la chambre basse du parlement.<\/p>\n\n\n\n<figure class=\"wp-block-image size-full\"><img loading=\"lazy\" decoding=\"async\" width=\"499\" height=\"462\" src=\"https:\/\/237check.org\/wp-content\/uploads\/2026\/04\/image.png\" alt=\"\" class=\"wp-image-3026\" srcset=\"https:\/\/237check.org\/wp-content\/uploads\/2026\/04\/image.png 499w, https:\/\/237check.org\/wp-content\/uploads\/2026\/04\/image-300x278.png 300w, https:\/\/237check.org\/wp-content\/uploads\/2026\/04\/image-13x12.png 13w\" sizes=\"auto, (max-width: 499px) 100vw, 499px\" \/><\/figure>\n\n\n\n<p>Cette publication consult\u00e9e le 31 mars 2026 \u00e0 13H04 a enregistr\u00e9 de nombreuses interactions. Elle a \u00e9t\u00e9 partag\u00e9e 134 fois pour 190 commentaires et 466 \u00e9mojis. <a href=\"https:\/\/www.facebook.com\/esbicinemacinema\">Cette page de 15 mille followers<\/a> est sp\u00e9cialis\u00e9e dans la publication de l\u2019information. Plusieurs pages en ont fait \u00e9chos. La publication d\u2019<a href=\"https:\/\/www.facebook.com\/share\/p\/18ZpEdRygy\/\">afrik-inform <\/a>enregistre 106 commentaires pour 72 partages et 177 \u00e9mojis. La vid\u00e9o partag\u00e9e sur la page <a href=\"https:\/\/www.facebook.com\/reel\/4331923157088191\">Africains Investissons<\/a> totalise 24 partages pour 6 commentaires et 86 \u00e9mojis. M\u00eame la page <a href=\"https:\/\/www.facebook.com\/daniels.essissima\/posts\/pfbid02uPZYaJ8JnZXfW6Fv8XmmmZz5L1kpbzqLbXFV52emRbKKLcofJDmPPnBmmeBHrQYl?rdid=Tc2VQ4ZQ8phLJgs3#\">Daniel Essissima<\/a> est revenue sur le m\u00eame projet de loi N\u00b02093 en indiquant que : \u201cCette mesure, pr\u00e9sent\u00e9e sous le num\u00e9ro de projet de loi 2093\/PJL\/AN, menace d\u2019ancrer un mod\u00e8le de succession dynastique rappelant la p\u00e9riode sombre qui a oppos\u00e9 Biya \u00e0 son pr\u00e9d\u00e9cesseur, Ahmadou Ahidjo \u2013 une p\u00e9riode largement consid\u00e9r\u00e9e comme dictatoriale.\u201d Cette publication a enregistr\u00e9 87 partages, 28 commentaires et 68 \u00e9mojis.\u00a0<\/p>\n\n\n\n<p><strong>V\u00c9RIFICATION<\/strong><\/p>\n\n\n\n<p>Pour v\u00e9rifier cette information, nous avons consult\u00e9 le projet de loi en question. De mani\u00e8re in extenso, il s\u2019intitule: \u201cPROJET DE LOI N\u00b0 2093\/PJL\/AN MODIFIANT CERTAINES DISPOSITIONS DE LA LOI N\u00b0 2012\/001 DU 19 AVRIL 2012 PORTANT CODE \u00c9LECTORAL\u2019\u2019.\u00a0<\/p>\n\n\n\n<figure class=\"wp-block-image size-large\"><img loading=\"lazy\" decoding=\"async\" width=\"1030\" height=\"560\" src=\"https:\/\/237check.org\/wp-content\/uploads\/2026\/04\/image-1030x560.jpeg\" alt=\"\" class=\"wp-image-3025\" srcset=\"https:\/\/237check.org\/wp-content\/uploads\/2026\/04\/image-1030x560.jpeg 1030w, https:\/\/237check.org\/wp-content\/uploads\/2026\/04\/image-300x163.jpeg 300w, https:\/\/237check.org\/wp-content\/uploads\/2026\/04\/image-768x418.jpeg 768w, https:\/\/237check.org\/wp-content\/uploads\/2026\/04\/image-18x10.jpeg 18w, https:\/\/237check.org\/wp-content\/uploads\/2026\/04\/image.jpeg 1166w\" sizes=\"auto, (max-width: 1030px) 100vw, 1030px\" \/><\/figure>\n\n\n\n<figure class=\"wp-block-image size-full\"><img loading=\"lazy\" decoding=\"async\" width=\"395\" height=\"526\" src=\"https:\/\/237check.org\/wp-content\/uploads\/2026\/04\/image-1.png\" alt=\"\" class=\"wp-image-3027\" srcset=\"https:\/\/237check.org\/wp-content\/uploads\/2026\/04\/image-1.png 395w, https:\/\/237check.org\/wp-content\/uploads\/2026\/04\/image-1-225x300.png 225w, https:\/\/237check.org\/wp-content\/uploads\/2026\/04\/image-1-9x12.png 9w\" sizes=\"auto, (max-width: 395px) 100vw, 395px\" \/><\/figure>\n\n\n\n<figure class=\"wp-block-image size-full\"><img loading=\"lazy\" decoding=\"async\" width=\"397\" height=\"547\" src=\"https:\/\/237check.org\/wp-content\/uploads\/2026\/04\/image-3.png\" alt=\"\" class=\"wp-image-3029\" srcset=\"https:\/\/237check.org\/wp-content\/uploads\/2026\/04\/image-3.png 397w, https:\/\/237check.org\/wp-content\/uploads\/2026\/04\/image-3-218x300.png 218w, https:\/\/237check.org\/wp-content\/uploads\/2026\/04\/image-3-9x12.png 9w\" sizes=\"auto, (max-width: 397px) 100vw, 397px\" \/><\/figure>\n\n\n\n<p>Le texte a \u00e9t\u00e9 d\u00e9pos\u00e9 sur la table des d\u00e9put\u00e9s lors de la s\u00e9ance pl\u00e9ni\u00e8re\u00a0 du <a href=\"https:\/\/web.facebook.com\/share\/p\/1BK2oqtq7i\/\">lundi 30 mars 2026.<\/a><\/p>\n\n\n\n<figure class=\"wp-block-image size-full\"><img loading=\"lazy\" decoding=\"async\" width=\"540\" height=\"681\" src=\"https:\/\/237check.org\/wp-content\/uploads\/2026\/04\/image-1.jpeg\" alt=\"\" class=\"wp-image-3030\" srcset=\"https:\/\/237check.org\/wp-content\/uploads\/2026\/04\/image-1.jpeg 540w, https:\/\/237check.org\/wp-content\/uploads\/2026\/04\/image-1-238x300.jpeg 238w, https:\/\/237check.org\/wp-content\/uploads\/2026\/04\/image-1-10x12.jpeg 10w\" sizes=\"auto, (max-width: 540px) 100vw, 540px\" \/><\/figure>\n\n\n\n<p>Rappelons qu\u2019apr\u00e8s le d\u00e9p\u00f4t du projet de loi \u00e0 l\u2019h\u00e9micycle, le texte est soumis \u00e0 la <a href=\"https:\/\/www.assnat.cm\/index.php\/fr\/assemblee-nationale\/les-9-commissions\">commission des lois constitutionnelles<\/a> pour examen. Une fois examin\u00e9, le rapport est adopt\u00e9 et pr\u00e9sent\u00e9 lors de la s\u00e9ance pl\u00e9ni\u00e8re. C\u2019est apr\u00e8s les d\u00e9bats et les clarifications d\u2019un repr\u00e9sentant du gouvernement que le projet de loi est adopt\u00e9 ou renvoy\u00e9. A la lumi\u00e8re de l\u2019expos\u00e9 des motifs, il est clair que le projet de loi n\u00b0 2093\/PJL\/AN n\u2019a aucun rapport avec la cr\u00e9ation d\u2019un poste de vice-pr\u00e9sident. C\u2019est bien <a href=\"https:\/\/portail.elecam.cm\/download\/code-electoral\/\">l\u2019article 170 du code \u00e9lectoral<\/a> en son alin\u00e9a 2 qui est vis\u00e9. Il indique que le mandat des conseillers municipaux peut \u00eatre prorog\u00e9 par le Pr\u00e9sident de la R\u00e9publique pour une dur\u00e9e n\u2019exc\u00e9dant pas dix-huit (18) mois. Le<strong> <\/strong>projet de loi n\u00b0 2093\/PJL\/AN veut lever ce verrou pour donner la libert\u00e9 au pr\u00e9sident de la R\u00e9publique de proroger le mandat des conseillers municipaux de mani\u00e8re illimit\u00e9e.<\/p>\n\n\n\n<figure class=\"wp-block-image size-full\"><img loading=\"lazy\" decoding=\"async\" width=\"627\" height=\"357\" src=\"https:\/\/237check.org\/wp-content\/uploads\/2026\/04\/image-5.png\" alt=\"\" class=\"wp-image-3032\" srcset=\"https:\/\/237check.org\/wp-content\/uploads\/2026\/04\/image-5.png 627w, https:\/\/237check.org\/wp-content\/uploads\/2026\/04\/image-5-300x171.png 300w, https:\/\/237check.org\/wp-content\/uploads\/2026\/04\/image-5-18x10.png 18w\" sizes=\"auto, (max-width: 627px) 100vw, 627px\" \/><\/figure>\n\n\n\n<p>Nous avons contact\u00e9 <a href=\"https:\/\/www.assnat.cm\/index.php\/fr\/assemblee-nationale\/les-9-commissions\">l\u2019honorable Koupit Adamou<\/a> de l\u2019Union d\u00e9mocratique du Cameroun (<a href=\"https:\/\/www.udc-party.cm\/\">UDC<\/a>). Il est par ailleurs membre de la commission des lois constitutionnelles \u00e0 l\u2019Assembl\u00e9e nationale. Il est cat\u00e9gorique : \u201cLa cr\u00e9ation d\u2019un poste de vice-pr\u00e9sident au Cameroun renvoie \u00e0 la modification de la constitution. Pour recevoir un texte visant la modification de la constitution, le parlement doit se r\u00e9unir en congr\u00e8s. Si vous n\u2019entendez pas que le parlement est convoqu\u00e9 en congr\u00e8s, n\u2019accordez aucun cr\u00e9dit \u00e0 un texte qui touche \u00e0 la constitution\u2019\u2019. Et d\u2019indiquer en guise de pr\u00e9cision : \u201cLe projet de loi vise la modification de l\u2019article 170 \u00e0 l\u2019effet de lever le verrou de limitation de la prorogation du mandat des conseillers municipaux qui, jusqu\u2019ici, \u00e9tait de 18 mois. Si cet article est modifi\u00e9 tel que le pr\u00e9sident le sollicite, il aura donc le pouvoir de proroger le mandat des conseillers municipaux pour une dur\u00e9e illimit\u00e9e\u201d.\u00a0<\/p>\n\n\n\n<p><strong>Conclusion<\/strong><\/p>\n\n\n\n<p>Le 29 mars 2026 \u00e0 14H41, le responsable de la <a href=\"https:\/\/www.facebook.com\/share\/p\/1K8TXMTb6c\/\">page Facebook d\u00e9nomm\u00e9e EsbiMedia a publi\u00e9 un long texte<\/a> ayant pour titre : \u00ab SERAIL-MODIFICATION DE LA CONSTITUTION : L\u2019ASSEMBL\u00c9E NATIONALE VA EXAMINER LE PROJET DE LOI SUR LA CR\u00c9ATION D\u2019UN POSTE DE VICE-PR\u00c9SIDENT. \u00bb Selon l\u2019auteur, \u2018\u2019le projet de loi n\u00b0 2093\/PJL\/AN s\u2019appr\u00eate \u00e0 modifier durablement le visage institutionnel du pays. Au c\u0153ur de cette man\u0153uvre : la cr\u00e9ation d\u2019un poste de vice-pr\u00e9sident de la R\u00e9publique.\u201d Cette publication arrive dans un contexte marqu\u00e9 par le d\u00e9bat au sein de l\u2019opinion publique au sujet du poste de vice-pr\u00e9sident. Ce commentaire sous le <a href=\"https:\/\/web.facebook.com\/share\/p\/1BK2oqtq7i\/\">post Facebook<\/a> de l\u2019honorable Nourane Fotsing du <a href=\"https:\/\/sitepcrn.com\/\">PCRN<\/a> en est une preuve.<\/p>\n\n\n\n<figure class=\"wp-block-image size-full\"><img loading=\"lazy\" decoding=\"async\" width=\"428\" height=\"66\" src=\"https:\/\/237check.org\/wp-content\/uploads\/2026\/04\/image-4.png\" alt=\"\" class=\"wp-image-3031\" srcset=\"https:\/\/237check.org\/wp-content\/uploads\/2026\/04\/image-4.png 428w, https:\/\/237check.org\/wp-content\/uploads\/2026\/04\/image-4-300x46.png 300w, https:\/\/237check.org\/wp-content\/uploads\/2026\/04\/image-4-18x3.png 18w\" sizes=\"auto, (max-width: 428px) 100vw, 428px\" \/><\/figure>\n\n\n\n<p>Apr\u00e8s v\u00e9rification, il ressort clairement qu\u2019aucun projet de loi portant modification de la constitution en vue de l\u2019instauration d\u2019un poste de vice-pr\u00e9sident n\u2019a pas \u00e9t\u00e9 soumis pour examen jusqu\u2019\u00e0 ce jour, 31 mars <a href=\"http:\/\/2026.le\">2026.<\/a> Le projet de loi n\u00b0 2093\/PJL\/AN est li\u00e9 \u00e0 la modification du Code \u00e9lectoral notamment en son article 170. C\u2019est d\u2019ailleurs le deuxi\u00e8me projet sous la pr\u00e9sidence de <a href=\"https:\/\/www.assnat.cm\/index.php\/fr\/bureau\/president-et-vices-presidents\">Th\u00e9odore Datouo<\/a> apr\u00e8s celui <a href=\"https:\/\/lejour.cm\/assemblee-nationale-les-deputes-prorogent-leur-mandat\/\">portant prorogation du mandat des d\u00e9put\u00e9s \u00e0 l\u2019Assembl\u00e9e nationale.<\/a><\/p>\n<\/body>","protected":false},"excerpt":{"rendered":"<p>Le 29 mars 2026 \u00e0 14H41, le responsable de la page Facebook d\u00e9nomm\u00e9e EsbiMedia a publi\u00e9 un long texte ayant pour titre : \u00ab SERAIL-MODIFICATION DE LA CONSTITUTION : L\u2019ASSEMBL\u00c9E NATIONALE VA EXAMINER LE PROJET DE LOI SUR LA CR\u00c9ATION D\u2019UN POSTE DE VICE-PR\u00c9SIDENT. \u00bb Pour donner plus de pr\u00e9cision \u00e0 ses followers, l\u2019auteur souligne [&hellip;]<\/p>\n","protected":false},"author":1,"featured_media":3028,"comment_status":"open","ping_status":"closed","sticky":false,"template":"","format":"standard","meta":{"footnotes":""},"categories":[3,5],"tags":[],"class_list":["post-3024","post","type-post","status-publish","format-standard","has-post-thumbnail","hentry","category-factchecked-report","category-viral-content"],"rttpg_featured_image_url":{"full":["https:\/\/237check.org\/wp-content\/uploads\/2026\/04\/image-2.png",1600,900,false],"landscape":["https:\/\/237check.org\/wp-content\/uploads\/2026\/04\/image-2.png",1600,900,false],"portraits":["https:\/\/237check.org\/wp-content\/uploads\/2026\/04\/image-2.png",1600,900,false],"thumbnail":["https:\/\/237check.org\/wp-content\/uploads\/2026\/04\/image-2-80x80.png",80,80,true],"medium":["https:\/\/237check.org\/wp-content\/uploads\/2026\/04\/image-2-300x169.png",300,169,true],"large":["https:\/\/237check.org\/wp-content\/uploads\/2026\/04\/image-2-1030x579.png",800,450,true],"1536x1536":["https:\/\/237check.org\/wp-content\/uploads\/2026\/04\/image-2-1536x864.png",1536,864,true],"2048x2048":["https:\/\/237check.org\/wp-content\/uploads\/2026\/04\/image-2.png",1600,900,false],"trp-custom-language-flag":["https:\/\/237check.org\/wp-content\/uploads\/2026\/04\/image-2-18x10.png",18,10,true]},"rttpg_author":{"display_name":"admin","author_link":"https:\/\/237check.org\/fr\/author\/admin\/"},"rttpg_comment":1,"rttpg_category":"<a href=\"https:\/\/237check.org\/fr\/category\/factchecked-report\/\" rel=\"category tag\">Factchecked Reports<\/a> <a href=\"https:\/\/237check.org\/fr\/category\/viral-content\/\" rel=\"category tag\">Viral Content<\/a>","rttpg_excerpt":"Le 29 mars 2026 \u00e0 14H41, le responsable de la page Facebook d\u00e9nomm\u00e9e EsbiMedia a publi\u00e9 un long texte ayant pour titre : \u00ab SERAIL-MODIFICATION DE LA CONSTITUTION : L\u2019ASSEMBL\u00c9E NATIONALE VA EXAMINER LE PROJET DE LOI SUR LA CR\u00c9ATION D\u2019UN POSTE DE VICE-PR\u00c9SIDENT. \u00bb Pour donner plus de pr\u00e9cision \u00e0 ses followers, l\u2019auteur souligne\u2026","_links":{"self":[{"href":"https:\/\/237check.org\/fr\/wp-json\/wp\/v2\/posts\/3024","targetHints":{"allow":["GET"]}}],"collection":[{"href":"https:\/\/237check.org\/fr\/wp-json\/wp\/v2\/posts"}],"about":[{"href":"https:\/\/237check.org\/fr\/wp-json\/wp\/v2\/types\/post"}],"author":[{"embeddable":true,"href":"https:\/\/237check.org\/fr\/wp-json\/wp\/v2\/users\/1"}],"replies":[{"embeddable":true,"href":"https:\/\/237check.org\/fr\/wp-json\/wp\/v2\/comments?post=3024"}],"version-history":[{"count":2,"href":"https:\/\/237check.org\/fr\/wp-json\/wp\/v2\/posts\/3024\/revisions"}],"predecessor-version":[{"id":3034,"href":"https:\/\/237check.org\/fr\/wp-json\/wp\/v2\/posts\/3024\/revisions\/3034"}],"wp:featuredmedia":[{"embeddable":true,"href":"https:\/\/237check.org\/fr\/wp-json\/wp\/v2\/media\/3028"}],"wp:attachment":[{"href":"https:\/\/237check.org\/fr\/wp-json\/wp\/v2\/media?parent=3024"}],"wp:term":[{"taxonomy":"category","embeddable":true,"href":"https:\/\/237check.org\/fr\/wp-json\/wp\/v2\/categories?post=3024"},{"taxonomy":"post_tag","embeddable":true,"href":"https:\/\/237check.org\/fr\/wp-json\/wp\/v2\/tags?post=3024"}],"curies":[{"name":"wp","href":"https:\/\/api.w.org\/{rel}","templated":true}]}}